{"id":52,"date":"2013-10-17T11:10:31","date_gmt":"2013-10-17T09:10:31","guid":{"rendered":"http:\/\/lombardia.ucid.it\/monza-brianza\/2013\/10\/17\/prof-lambertenghi-alla-sezione-ucid-di-monza-e-brianza\/"},"modified":"2013-10-17T11:10:31","modified_gmt":"2013-10-17T09:10:31","slug":"prof-lambertenghi-alla-sezione-ucid-di-monza-e-brianza","status":"publish","type":"post","link":"https:\/\/lombardia.ucid.it\/monza-brianza\/2013\/10\/17\/prof-lambertenghi-alla-sezione-ucid-di-monza-e-brianza\/","title":{"rendered":"Prof. Lambertenghi alla Sezione UCID di Monza e Brianza"},"content":{"rendered":"<p>Doveva essere una serata normale. Medicina, farmaci, malattie. Ma non \u00e8 stato cos\u00ec. Gioved\u00ec 12 Settembre, i Soci dell\u2019UCID Unione Imprenditori e Dirigenti Cristiani di Monza, sono rimasti sorpresi. E affascinati. Il relatore era il Professor Lambertenghi. Medico, studioso, classe 1940, con un lunghissimo curriculum, Presidente della A.M.C.I Associazione Medici Cattolici Italiani di Milano, ha raccontato ai presenti, in modo gradevole e come una fiaba, la storia del rapporto tra medico e malato.<\/p>\n[button color=&#8221;#040404&#8243; background=&#8221;#d0d0d0&#8243; size=&#8221;small&#8221; src=&#8221;http:\/\/lombardia.ucid.it\/monzabrianza\/?p=17&#8243;]Leggi l&#8217;approfondimento[\/button]\n","protected":false},"excerpt":{"rendered":"<p>Doveva essere una serata normale. Medicina, farmaci, malattie. Ma non \u00e8 stato cos\u00ec. Gioved\u00ec 12 Settembre, i Soci dell\u2019UCID Unione Imprenditori e Dirigenti Cristiani di Monza, sono rimasti sorpresi. E affascinati. Il relatore era il Professor Lambertenghi. Medico, studioso, classe 1940, con un lunghissimo curriculum, Presidente della A.M.C.I Associazione Medici Cattolici Italiani di Milano, ha&hellip;<\/p>\n","protected":false},"author":3,"featured_media":53,"comment_status":"open","ping_status":"open","sticky":false,"template":"","format":"standard","meta":{"footnotes":""},"categories":[4],"tags":[],"post_series":[],"class_list":["post-52","post","type-post","status-publish","format-standard","has-post-thumbnail","hentry","category-notizie","entry","has-media"],"_links":{"self":[{"href":"https:\/\/lombardia.ucid.it\/monza-brianza\/wp-json\/wp\/v2\/posts\/52","targetHints":{"allow":["GET"]}}],"collection":[{"href":"https:\/\/lombardia.ucid.it\/monza-brianza\/wp-json\/wp\/v2\/posts"}],"about":[{"href":"https:\/\/lombardia.ucid.it\/monza-brianza\/wp-json\/wp\/v2\/types\/post"}],"author":[{"embeddable":true,"href":"https:\/\/lombardia.ucid.it\/monza-brianza\/wp-json\/wp\/v2\/users\/3"}],"replies":[{"embeddable":true,"href":"https:\/\/lombardia.ucid.it\/monza-brianza\/wp-json\/wp\/v2\/comments?post=52"}],"version-history":[{"count":0,"href":"https:\/\/lombardia.ucid.it\/monza-brianza\/wp-json\/wp\/v2\/posts\/52\/revisions"}],"wp:featuredmedia":[{"embeddable":true,"href":"https:\/\/lombardia.ucid.it\/monza-brianza\/wp-json\/wp\/v2\/media\/53"}],"wp:attachment":[{"href":"https:\/\/lombardia.ucid.it\/monza-brianza\/wp-json\/wp\/v2\/media?parent=52"}],"wp:term":[{"taxonomy":"category","embeddable":true,"href":"https:\/\/lombardia.ucid.it\/monza-brianza\/wp-json\/wp\/v2\/categories?post=52"},{"taxonomy":"post_tag","embeddable":true,"href":"https:\/\/lombardia.ucid.it\/monza-brianza\/wp-json\/wp\/v2\/tags?post=52"},{"taxonomy":"post_series","embeddable":true,"href":"https:\/\/lombardia.ucid.it\/monza-brianza\/wp-json\/wp\/v2\/post_series?post=52"}],"curies":[{"name":"wp","href":"https:\/\/api.w.org\/{rel}","templated":true}]}}